{"id":16,"date":"2016-01-16T04:12:24","date_gmt":"2016-01-16T04:12:24","guid":{"rendered":"http:\/\/uneteoregon.org\/?p=16"},"modified":"2020-03-17T13:09:11","modified_gmt":"2020-03-17T20:09:11","slug":"day-of-the-dead-race-celebration","status":"publish","type":"post","link":"https:\/\/uneteoregon.org\/es\/2016\/01\/day-of-the-dead-race-celebration\/","title":{"rendered":"Celebraci\u00f3n y carrera del D\u00eda de los Muertos"},"content":{"rendered":"<p>En nombre de todo el equipo de la carrera del d\u00eda de los muertos, \u00a1nos gustar\u00eda dar gracias por ser parte de esta celebraci\u00f3n anual! La carrera del D\u00eda de los muertos no solo es una manera de devolver a nuestra comunidad, pero tambi\u00e9n honrar a aquellos que han fallecido y nos inspiran a ser mejor. \u00a1Haremos mas grande este evento, pero necesitamos su ayuda! Por favor dale \u201cMe gusta\u201d en nuestra p\u00e1gina de Facebook y comparte fotos con nosotros en nuestra p\u00e1gina www.facebook.com\/dayofthedeadrace.<\/p>\n<p>\u00a1Esperamos ver sus fotos y el pr\u00f3ximo a\u00f1o verlo en la l\u00ednea de salida!<\/p>\n<p>Chela S\u00e1nchez, co-directora de carrera<\/p>\n<p>Alfredo Flores, Co-Director de Carrera<\/p>\n<p>Arty Sanchez, Gesti\u00f3n de eventos<\/p>\n<p>Luis Rodr\u00edguez, Cine y Fot\u00f3grafo<\/p>\n<p>Mary WilkinsKelly, Fot\u00f3grafa<\/p>\n<p>John Cornet, Gesti\u00f3n de carrera<\/p>\n<p>Jos\u00e9 Rodr\u00edguez, Gesti\u00f3n del curso<\/p>\n<p>Manny Rodr\u00edguez, Gesti\u00f3n del curso<\/p>\n<p>Benny Velez, Gesti\u00f3n de cursos<\/p>\n<p>Roc\u00edo Mendoza, Coordinadora de Voluntarios<\/p>\n<p>Claudia Montoya, Decoraci\u00f3n de eventos<\/p>\n<p>Niria Torres, asistente de decoraci\u00f3n<\/p>\n<p>Erica Ledesma, asistente de decoraci\u00f3n<\/p>\n<p>Luis S\u00e1nchez, DJ de eventos<\/p>\n<p>Magdaleno Leno Rose-Avila, MC del evento<\/p>\n<p>\u00a1Gracias a todos los voluntarios, patrocinadores y organizaciones que nos ayudaron durante todo el proceso del evento!<\/p>","protected":false},"excerpt":{"rendered":"<p>En nombre de todo el equipo de la carrera del d\u00eda de los muertos, \u00a1nos [&hellip;]<\/p>\n","protected":false},"author":2,"featured_media":17,"comment_status":"closed","ping_status":"open","sticky":false,"template":"","format":"gallery","meta":{"_exactmetrics_skip_tracking":false,"_exactmetrics_sitenote_active":false,"_exactmetrics_sitenote_note":"","_exactmetrics_sitenote_category":0,"_jetpack_memberships_contains_paid_content":false,"footnotes":""},"categories":[6],"tags":[],"class_list":["post-16","post","type-post","status-publish","format-gallery","has-post-thumbnail","hentry","category-event","post_format-post-format-gallery"],"jetpack_featured_media_url":"https:\/\/uneteoregon.org\/wp-content\/uploads\/2016\/01\/11113955_1652671671639798_1983072817223318084_o.jpg","jetpack_sharing_enabled":true,"_links":{"self":[{"href":"https:\/\/uneteoregon.org\/es\/wp-json\/wp\/v2\/posts\/16","targetHints":{"allow":["GET"]}}],"collection":[{"href":"https:\/\/uneteoregon.org\/es\/wp-json\/wp\/v2\/posts"}],"about":[{"href":"https:\/\/uneteoregon.org\/es\/wp-json\/wp\/v2\/types\/post"}],"author":[{"embeddable":true,"href":"https:\/\/uneteoregon.org\/es\/wp-json\/wp\/v2\/users\/2"}],"replies":[{"embeddable":true,"href":"https:\/\/uneteoregon.org\/es\/wp-json\/wp\/v2\/comments?post=16"}],"version-history":[{"count":8,"href":"https:\/\/uneteoregon.org\/es\/wp-json\/wp\/v2\/posts\/16\/revisions"}],"predecessor-version":[{"id":670,"href":"https:\/\/uneteoregon.org\/es\/wp-json\/wp\/v2\/posts\/16\/revisions\/670"}],"wp:featuredmedia":[{"embeddable":true,"href":"https:\/\/uneteoregon.org\/es\/wp-json\/wp\/v2\/media\/17"}],"wp:attachment":[{"href":"https:\/\/uneteoregon.org\/es\/wp-json\/wp\/v2\/media?parent=16"}],"wp:term":[{"taxonomy":"category","embeddable":true,"href":"https:\/\/uneteoregon.org\/es\/wp-json\/wp\/v2\/categories?post=16"},{"taxonomy":"post_tag","embeddable":true,"href":"https:\/\/uneteoregon.org\/es\/wp-json\/wp\/v2\/tags?post=16"}],"curies":[{"name":"gracias","href":"https:\/\/api.w.org\/{rel}","templated":true}]}}